{"id":7675,"date":"2026-08-31T15:13:13","date_gmt":"2026-08-31T15:13:13","guid":{"rendered":"https:\/\/wandern-mit-uwe.de\/blog\/?p=7675"},"modified":"2026-08-31T15:17:12","modified_gmt":"2026-08-31T15:17:12","slug":"wetter-algarve-august-2026","status":"publish","type":"post","link":"https:\/\/wandern-mit-uwe.de\/blog\/wetter-algarve-august-2026\/","title":{"rendered":"Wetter Algarve August 2026"},"content":{"rendered":"<h1>Das Algarve Wetter im August 2026<\/h1>\n<p>Das <strong>Algarve Wetter im August 2026<\/strong> pr\u00e4sentierte sich von seiner sonnen reichsten und hochsommerlichen Seite. Monatelang regenfrei, dominierten strahlender Sonnenschein und oft dr\u00fcckende Tageswerte das Geschehen an der S\u00fcdk\u00fcste Portugals. In diesem Wetterbericht erf\u00e4hrst Du alles zu Temperaturen, Regenspuren, Sonnenstunden und der Wassertemperatur. Eine grafische \u00dcbersicht findest Du weiter unten bei den <a href=\"#wetter-algarve-august-2026\" title=\"Direkt zu den Wettergrafiken\">Wettergrafiken<\/a>.<\/p>\n<p>Besonders die ersten zehn Tage des Monats machten ihrem Ruf als Hochsommer alle Ehre und brachten mehrfach Spitzenwerte von bis zu 35 Grad. Erst zum Monatsletzten hin lockerten leichte, unkritische Regenschauer das sonst extrem trockene Bild ein wenig auf.<\/p>\n<div class=\"vollbild\">\n<img decoding=\"async\" class=\"img-big\" loading=\"lazy\" src=\"https:\/\/wandern-mit-uwe.de\/blog\/wp-content\/uploads\/2026\/08\/wetter-algarve-august-2026-00-IMG_5839.webp\" title=\"Algarve Wetter August 2026\" alt=\"Algarve im August 2026\" width=\"640\" height=\"364\">\n<\/div>\n<p>Wer die klimatischen Verh\u00e4ltnisse einordnen m\u00f6chte, zieht am besten die <a href=\"https:\/\/wandern-mit-uwe.de\/blog\/klima-und-wetter-der-algarve\/#klimatabelle\" title=\"Klimatabelle der Algarve\">Klimatabelle der Algarve<\/a> heran. Die meteorologischen Daten basieren auf den Aufzeichnungen des portugiesischen Wetterdienstes <a href=\"https:\/\/www.ipma.pt\" target=\"_blank\" rel=\"noopener noreferrer\" title=\"Portugiesischer Wetterdienst IPMA\">IPMA<\/a>. Einen direkten R\u00fcckblick bietet au\u00dferdem der <a href=\"#drei-monate\" title=\"Direkt zum Wettervergleich\">Wettervergleich der letzten drei August-Monate<\/a>.<\/p>\n<p>Erg\u00e4nzende Hinweise zu den Klimazonen der Algarve lassen sich direkt auf der Startseite f\u00fcr <a href=\"https:\/\/wandern-mit-uwe.de\/blog\/klima-und-wetter-der-algarve\/\" title=\"Wetter und Klimazonen der Algarve\">Klima und Wetter der Algarve<\/a> nachlesen.<\/p>\n<h2>Der Wetterbericht August 2026<\/h2>\n<p>Bereits am Monatsanfang kletterten die Thermometer auf stolze 35 Grad im Schatten. W\u00e4hrend in der ersten Dekade nahezu durchgehend wolkenfreie Bedingungen dominierten, zeigte sich die Monatsmitte ab dem 16. August sp\u00fcrbar gem\u00e4\u00dfigter. Tags\u00fcber pendelten sich die Werte nun meist um angenehmere 27 bis 28 Grad ein.<\/p>\n<p><img decoding=\"async\" class=\"img-left\" loading=\"lazy\" src=\"https:\/\/wandern-mit-uwe.de\/blog\/wp-content\/uploads\/2026\/08\/wetter-algarve-august-2026-05-IMG_5082.webp\" title=\"Sommer an der Algarve im August 2026\" alt=\"Sommer an der Algarve im August 2026\" width=\"300\" height=\"269\">Nennenswerte Niederschl\u00e4ge blieben fast den gesamten Monat \u00fcber aus. Erst vom 23. bis zum 27. August sorgten schwache Tiefausl\u00e4ufer f\u00fcr vereinzelte Tropfen. L\u00e4ngere Schlechtwetterphasen blieben jedoch aus, und schon ab dem 28. August \u00fcbernahm die Sonne wieder das Zepter mit Werten um 30 bis 31 Grad.<\/p>\n<p>Die Wassertemperaturen zwischen 19 und 20 Grad boten im Atlantik eine willkommene Erfrischung bei anhaltend starker Hitze. Durch den st\u00e4ndigen leichten Wind blieb das Meer an der K\u00fcste angenehm vitalisierend, w\u00e4hrend lange Sonnentage das Strandleben dominierten.<\/p>\n<p>Wegen den sommerlichen Temperaturen r\u00fcckten vor allem die <a target=\"_blank\" rel=\"noopener noreferrer\" href=\"https:\/\/wandern-mit-uwe.de\/blog\/straende-der-algarve\/\" title=\"Die sch\u00f6nsten Str\u00e4nde der Algarve\">Str\u00e4nde der Algarve<\/a> in den Mittelpunkt der Urlaubsaktivit\u00e4ten. Wer dennoch nicht auf Bewegung verzichten wollte, wich am besten in die schattigen Korkeichenw\u00e4lder aus. <\/p>\n<p>Empfehlenswerte Touren finden sich in der <a target=\"_blank\" rel=\"noopener noreferrer\" href=\"https:\/\/wandern-mit-uwe.de\/uebersicht-der-schoensten-algarve-wanderungen\/\" title=\"\u00dcbersicht der sch\u00f6nsten Algarve Wanderungen\">\u00dcbersicht der sch\u00f6nsten Algarve Wanderungen<\/a>, wobei besonders die schattige <a target=\"_blank\" rel=\"noopener noreferrer\" href=\"https:\/\/wandern-mit-uwe.de\/gefuehrte-wanderung-in-monchique-zum-picota\/\" title=\"Gef\u00fchrte Wanderung zum Picota\">gef\u00fchrte Wanderung zum Picota<\/a> an hei\u00dfen Tagen eine gute Alternative darstellt.<\/p>\n<h2 id=\"wetter-algarve-august-2026\">Wettergrafiken Algarve August 2026<\/h2>\n<div class=\"flexbox-fotos\">\n<img decoding=\"async\" class=\"img-felxbox\" loading=\"lazy\" src=\"https:\/\/wandern-mit-uwe.de\/blog\/wp-content\/uploads\/2026\/08\/wetter-algarve-august-2026-01.webp\" title=\"Wetter Woche 1 August 2026\" alt=\"Wettergrafik erste Augustwoche 2026 Algarve\" width=\"310\" height=\"474\"><br \/>\n<img decoding=\"async\" class=\"img-felxbox\" loading=\"lazy\" src=\"https:\/\/wandern-mit-uwe.de\/blog\/wp-content\/uploads\/2026\/08\/wetter-algarve-august-2026-02.webp\" title=\"Wetter Woche 2 August 2026\" alt=\"Wettergrafik zweite Augustwoche 2026 Algarve\" width=\"310\" height=\"475\"><br \/>\n<img decoding=\"async\" class=\"img-felxbox\" loading=\"lazy\" src=\"https:\/\/wandern-mit-uwe.de\/blog\/wp-content\/uploads\/2026\/08\/wetter-algarve-august-2026-03.webp\" title=\"Wetter Woche 3 August 2026\" alt=\"Wettergrafik dritte Augustwoche 2026 Algarve\" width=\"310\" height=\"475\"><br \/>\n<img decoding=\"async\" class=\"img-felxbox\" loading=\"lazy\" src=\"https:\/\/wandern-mit-uwe.de\/blog\/wp-content\/uploads\/2026\/08\/wetter-algarve-august-2026-04.webp\" title=\"Wetter Woche 4 August 2026\" alt=\"Wettergrafik vierte Augustwoche 2026 Algarve\" width=\"310\" height=\"422\">\n<\/div>\n<div class=\"hinweisbox-klima\">\n<p>Hier findest Du generelle Informationen zum <a href=\"https:\/\/wandern-mit-uwe.de\/blog\/klima-und-wetter-der-algarve\/\" title=\"Wetter und Klimazonen der Algarve\">Klima und Wetter der Algarve<\/a>, die ich bei einer Reiseplanung ber\u00fccksichtigen w\u00fcrde.<\/p>\n<\/div>\n\n<section id=\"drei-monate\" class=\"jahresvergleich\">\n\n  <h3 class=\"vergleichs-h3\">\n    Wettervergleich\n    August    2024, 2025, 2026  <\/h3>\n\n  <div class=\"vergleich-flex-cont\">\n\n    <!-- vor 2 Jahren -->\n    <div class=\"box-jahr-1\">\n      <div class=\"jahreszahl-1\">2024<\/div>\n\n      <div class=\"feld-label\">\u00d8 H\u00f6chsttemperatur<\/div>\n      <div class=\"feld-temp-max\">30.3 \u00b0C<\/div>\n\n      <div class=\"feld-label\">\u00d8 Tiefsttemperatur<\/div>\n      <div class=\"feld-temp-min\">19.3 \u00b0C<\/div>\n\n      <div class=\"feld-label\">Niederschlag<\/div>\n      <div class=\"feld-regen\">0 mm<\/div>\n\n      <div class=\"feld-label\">Sonnenstunden<\/div>\n      <div class=\"feld-sonne\">373 h<\/div>\n    <\/div>\n\n    <!-- letztes Jahr -->\n    <div class=\"box-jahr-2\">\n      <div class=\"jahreszahl-2\">2025<\/div>\n\n      <div class=\"feld-label\">\u00d8 H\u00f6chsttemperatur<\/div>\n      <div class=\"feld-temp-max\">31.5 \u00b0C<\/div>\n\n      <div class=\"feld-label\">\u00d8 Tiefsttemperatur<\/div>\n      <div class=\"feld-temp-min\">19.7 \u00b0C<\/div>\n\n      <div class=\"feld-label\">Niederschlag<\/div>\n      <div class=\"feld-regen\">0 mm<\/div>\n\n      <div class=\"feld-label\">Sonnenstunden<\/div>\n      <div class=\"feld-sonne\">356 h<\/div>\n    <\/div>\n\n    <!-- aktuelles Jahr -->\n    <div class=\"box-jahr-3\">\n      <div class=\"jahreszahl-3\">2026<\/div>\n\n      <div class=\"feld-label\">\u00d8 H\u00f6chsttemperatur<\/div>\n      <div class=\"feld-temp-max\">29.6 \u00b0C<\/div>\n\n      <div class=\"feld-label\">\u00d8 Tiefsttemperatur<\/div>\n      <div class=\"feld-temp-min\">18.1 \u00b0C<\/div>\n\n      <div class=\"feld-label\">Niederschlag<\/div>\n      <div class=\"feld-regen\">2.9 mm<\/div>\n\n      <div class=\"feld-label\">Sonnenstunden<\/div>\n      <div class=\"feld-sonne\">336 h<\/div>\n    <\/div>\n\n  <\/div>\n\n<\/section>\n\n\n","protected":false},"excerpt":{"rendered":"<p>Das Algarve Wetter im August 2026 Das Algarve Wetter im August 2026 pr\u00e4sentierte sich von seiner sonnen reichsten und hochsommerlichen Seite. Monatelang regenfrei, dominierten strahlender Sonnenschein und oft dr\u00fcckende Tageswerte das Geschehen an der S\u00fcdk\u00fcste Portugals. In diesem Wetterbericht erf\u00e4hrst Du alles zu Temperaturen, Regenspuren, Sonnenstunden und der Wassertemperatur. Eine grafische \u00dcbersicht findest Du weiter &#8230; <a title=\"Wetter Algarve August 2026\" class=\"read-more\" href=\"https:\/\/wandern-mit-uwe.de\/blog\/wetter-algarve-august-2026\/\" aria-label=\"Mehr Informationen \u00fcber Wetter Algarve August 2026\">Weiterlesen<\/a><\/p>\n","protected":false},"author":2,"featured_media":7669,"comment_status":"closed","ping_status":"closed","sticky":false,"template":"","format":"standard","meta":{"footnotes":""},"categories":[106,82,100],"tags":[11],"class_list":["post-7675","post","type-post","status-publish","format-standard","has-post-thumbnail","hentry","category-alle-beitraege","category-wetter","category-wetter-august","tag-wetter"],"yoast_head":"<!-- This site is optimized with the Yoast SEO plugin v28.3 - https:\/\/yoast.com\/product\/yoast-seo-wordpress\/ -->\n<title>Algarve Wetter im August 2026, Spitzenwerte &amp; Sonnenstunden<\/title>\n<meta name=\"description\" content=\"Das Algarve Wetter im August 2026 brachte viel Sonnenschein und kaum Regen. Alle Daten im Monatsr\u00fcckblick. Mit dem 3 Jahresr\u00fcckblick.\" \/>\n<meta name=\"robots\" content=\"index, follow, max-snippet:-1, max-image-preview:large, max-video-preview:-1\" \/>\n<link rel=\"canonical\" href=\"https:\/\/wandern-mit-uwe.de\/blog\/wetter-algarve-august-2026\/\" \/>\n<meta property=\"og:locale\" content=\"de_DE\" \/>\n<meta property=\"og:type\" content=\"article\" \/>\n<meta property=\"og:title\" content=\"Algarve Wetter im August 2026, Spitzenwerte &amp; Sonnenstunden\" \/>\n<meta property=\"og:description\" content=\"Das Algarve Wetter im August 2026 brachte viel Sonnenschein und kaum Regen. Alle Daten im Monatsr\u00fcckblick. Mit dem 3 Jahresr\u00fcckblick.\" \/>\n<meta property=\"og:url\" content=\"https:\/\/wandern-mit-uwe.de\/blog\/wetter-algarve-august-2026\/\" \/>\n<meta property=\"og:site_name\" content=\"Algarve Blog\" \/>\n<meta property=\"article:publisher\" content=\"https:\/\/de-de.facebook.com\/pages\/category\/Local-Service\/Wandern-mit-Uwe-114034465327901\/\" \/>\n<meta property=\"article:published_time\" content=\"2026-08-31T15:13:13+00:00\" \/>\n<meta property=\"article:modified_time\" content=\"2026-08-31T15:17:12+00:00\" \/>\n<meta property=\"og:image\" content=\"https:\/\/wandern-mit-uwe.de\/blog\/wp-content\/uploads\/2026\/08\/wetter-algarve-august-2026-00-IMG_5839.webp\" \/>\n\t<meta property=\"og:image:width\" content=\"640\" \/>\n\t<meta property=\"og:image:height\" content=\"364\" \/>\n\t<meta property=\"og:image:type\" content=\"image\/webp\" \/>\n<meta name=\"author\" content=\"Uwe\" \/>\n<meta name=\"twitter:card\" content=\"summary_large_image\" \/>\n<meta name=\"twitter:creator\" content=\"@uweportugal\" \/>\n<meta name=\"twitter:site\" content=\"@uweportugal\" \/>\n<meta name=\"twitter:label1\" content=\"Verfasst von\" \/>\n\t<meta name=\"twitter:data1\" content=\"Uwe\" \/>\n\t<meta name=\"twitter:label2\" content=\"Gesch\u00e4tzte Lesezeit\" \/>\n\t<meta name=\"twitter:data2\" content=\"4\u00a0Minuten\" \/>\n<script type=\"application\/ld+json\" class=\"yoast-schema-graph\">{\"@context\":\"https:\\\/\\\/schema.org\",\"@graph\":[{\"@type\":\"Article\",\"@id\":\"https:\\\/\\\/wandern-mit-uwe.de\\\/blog\\\/wetter-algarve-august-2026\\\/#article\",\"isPartOf\":{\"@id\":\"https:\\\/\\\/wandern-mit-uwe.de\\\/blog\\\/wetter-algarve-august-2026\\\/\"},\"author\":{\"name\":\"Uwe\",\"@id\":\"https:\\\/\\\/wandern-mit-uwe.de\\\/blog\\\/#\\\/schema\\\/person\\\/f3ddbed34e549971c7d7d71a374be1f0\"},\"headline\":\"Wetter Algarve August 2026\",\"datePublished\":\"2026-08-31T15:13:13+00:00\",\"dateModified\":\"2026-08-31T15:17:12+00:00\",\"mainEntityOfPage\":{\"@id\":\"https:\\\/\\\/wandern-mit-uwe.de\\\/blog\\\/wetter-algarve-august-2026\\\/\"},\"wordCount\":386,\"publisher\":{\"@id\":\"https:\\\/\\\/wandern-mit-uwe.de\\\/blog\\\/#organization\"},\"image\":{\"@id\":\"https:\\\/\\\/wandern-mit-uwe.de\\\/blog\\\/wetter-algarve-august-2026\\\/#primaryimage\"},\"thumbnailUrl\":\"https:\\\/\\\/wandern-mit-uwe.de\\\/blog\\\/wp-content\\\/uploads\\\/2026\\\/08\\\/wetter-algarve-august-2026-00-IMG_5839.webp\",\"keywords\":[\"Wetter\"],\"articleSection\":[\"Alle Beitr\u00e4ge\",\"Wetter\",\"Wetter August\"],\"inLanguage\":\"de\"},{\"@type\":\"WebPage\",\"@id\":\"https:\\\/\\\/wandern-mit-uwe.de\\\/blog\\\/wetter-algarve-august-2026\\\/\",\"url\":\"https:\\\/\\\/wandern-mit-uwe.de\\\/blog\\\/wetter-algarve-august-2026\\\/\",\"name\":\"Algarve Wetter im August 2026, Spitzenwerte & Sonnenstunden\",\"isPartOf\":{\"@id\":\"https:\\\/\\\/wandern-mit-uwe.de\\\/blog\\\/#website\"},\"primaryImageOfPage\":{\"@id\":\"https:\\\/\\\/wandern-mit-uwe.de\\\/blog\\\/wetter-algarve-august-2026\\\/#primaryimage\"},\"image\":{\"@id\":\"https:\\\/\\\/wandern-mit-uwe.de\\\/blog\\\/wetter-algarve-august-2026\\\/#primaryimage\"},\"thumbnailUrl\":\"https:\\\/\\\/wandern-mit-uwe.de\\\/blog\\\/wp-content\\\/uploads\\\/2026\\\/08\\\/wetter-algarve-august-2026-00-IMG_5839.webp\",\"datePublished\":\"2026-08-31T15:13:13+00:00\",\"dateModified\":\"2026-08-31T15:17:12+00:00\",\"description\":\"Das Algarve Wetter im August 2026 brachte viel Sonnenschein und kaum Regen. Alle Daten im Monatsr\u00fcckblick. Mit dem 3 Jahresr\u00fcckblick.\",\"breadcrumb\":{\"@id\":\"https:\\\/\\\/wandern-mit-uwe.de\\\/blog\\\/wetter-algarve-august-2026\\\/#breadcrumb\"},\"inLanguage\":\"de\",\"potentialAction\":[{\"@type\":\"ReadAction\",\"target\":[\"https:\\\/\\\/wandern-mit-uwe.de\\\/blog\\\/wetter-algarve-august-2026\\\/\"]}]},{\"@type\":\"ImageObject\",\"inLanguage\":\"de\",\"@id\":\"https:\\\/\\\/wandern-mit-uwe.de\\\/blog\\\/wetter-algarve-august-2026\\\/#primaryimage\",\"url\":\"https:\\\/\\\/wandern-mit-uwe.de\\\/blog\\\/wp-content\\\/uploads\\\/2026\\\/08\\\/wetter-algarve-august-2026-00-IMG_5839.webp\",\"contentUrl\":\"https:\\\/\\\/wandern-mit-uwe.de\\\/blog\\\/wp-content\\\/uploads\\\/2026\\\/08\\\/wetter-algarve-august-2026-00-IMG_5839.webp\",\"width\":640,\"height\":364,\"caption\":\"wetter-algarve-august-2026-00-IMG_5839\"},{\"@type\":\"BreadcrumbList\",\"@id\":\"https:\\\/\\\/wandern-mit-uwe.de\\\/blog\\\/wetter-algarve-august-2026\\\/#breadcrumb\",\"itemListElement\":[{\"@type\":\"ListItem\",\"position\":1,\"name\":\"Wetter\",\"item\":\"https:\\\/\\\/wandern-mit-uwe.de\\\/blog\\\/category\\\/wetter\\\/\"},{\"@type\":\"ListItem\",\"position\":2,\"name\":\"Wetter August\",\"item\":\"https:\\\/\\\/wandern-mit-uwe.de\\\/blog\\\/category\\\/wetter\\\/wetter-august\\\/\"},{\"@type\":\"ListItem\",\"position\":3,\"name\":\"Wetter Algarve August 2026\"}]},{\"@type\":\"WebSite\",\"@id\":\"https:\\\/\\\/wandern-mit-uwe.de\\\/blog\\\/#website\",\"url\":\"https:\\\/\\\/wandern-mit-uwe.de\\\/blog\\\/\",\"name\":\"Algarve Blog\",\"description\":\"Wandern, Sehensw\u00fcrdigkeiten, Str\u00e4nde, Wetter, Geschichte und Geschichten zur Algarve\",\"publisher\":{\"@id\":\"https:\\\/\\\/wandern-mit-uwe.de\\\/blog\\\/#organization\"},\"potentialAction\":[{\"@type\":\"SearchAction\",\"target\":{\"@type\":\"EntryPoint\",\"urlTemplate\":\"https:\\\/\\\/wandern-mit-uwe.de\\\/blog\\\/?s={search_term_string}\"},\"query-input\":{\"@type\":\"PropertyValueSpecification\",\"valueRequired\":true,\"valueName\":\"search_term_string\"}}],\"inLanguage\":\"de\"},{\"@type\":\"Organization\",\"@id\":\"https:\\\/\\\/wandern-mit-uwe.de\\\/blog\\\/#organization\",\"name\":\"Wandern mit Uwe\",\"url\":\"https:\\\/\\\/wandern-mit-uwe.de\\\/blog\\\/\",\"logo\":{\"@type\":\"ImageObject\",\"inLanguage\":\"de\",\"@id\":\"https:\\\/\\\/wandern-mit-uwe.de\\\/blog\\\/#\\\/schema\\\/logo\\\/image\\\/\",\"url\":\"https:\\\/\\\/wandern-mit-uwe.de\\\/blog\\\/wp-content\\\/uploads\\\/2019\\\/08\\\/4Gecko.png\",\"contentUrl\":\"https:\\\/\\\/wandern-mit-uwe.de\\\/blog\\\/wp-content\\\/uploads\\\/2019\\\/08\\\/4Gecko.png\",\"width\":75,\"height\":75,\"caption\":\"Wandern mit Uwe\"},\"image\":{\"@id\":\"https:\\\/\\\/wandern-mit-uwe.de\\\/blog\\\/#\\\/schema\\\/logo\\\/image\\\/\"},\"sameAs\":[\"https:\\\/\\\/de-de.facebook.com\\\/pages\\\/category\\\/Local-Service\\\/Wandern-mit-Uwe-114034465327901\\\/\",\"https:\\\/\\\/x.com\\\/uweportugal\",\"https:\\\/\\\/pt.linkedin.com\\\/in\\\/uwe-schemionek-88560779?trk=author_mini-profile_title\",\"https:\\\/\\\/www.pinterest.de\\\/uschemionek\\\/\",\"https:\\\/\\\/www.youtube.com\\\/channel\\\/UCAH1t267D6VU2cS-NQ0rCHA\",\"https:\\\/\\\/www.youtube.com\\\/@UweSchemionek\\\/videos\"]},{\"@type\":\"Person\",\"@id\":\"https:\\\/\\\/wandern-mit-uwe.de\\\/blog\\\/#\\\/schema\\\/person\\\/f3ddbed34e549971c7d7d71a374be1f0\",\"name\":\"Uwe\",\"sameAs\":[\"https:\\\/\\\/wandern-mit-uwe.de\"]}]}<\/script>\n<!-- \/ Yoast SEO plugin. -->","yoast_head_json":{"title":"Algarve Wetter im August 2026, Spitzenwerte & Sonnenstunden","description":"Das Algarve Wetter im August 2026 brachte viel Sonnenschein und kaum Regen. Alle Daten im Monatsr\u00fcckblick. Mit dem 3 Jahresr\u00fcckblick.","robots":{"index":"index","follow":"follow","max-snippet":"max-snippet:-1","max-image-preview":"max-image-preview:large","max-video-preview":"max-video-preview:-1"},"canonical":"https:\/\/wandern-mit-uwe.de\/blog\/wetter-algarve-august-2026\/","og_locale":"de_DE","og_type":"article","og_title":"Algarve Wetter im August 2026, Spitzenwerte & Sonnenstunden","og_description":"Das Algarve Wetter im August 2026 brachte viel Sonnenschein und kaum Regen. Alle Daten im Monatsr\u00fcckblick. Mit dem 3 Jahresr\u00fcckblick.","og_url":"https:\/\/wandern-mit-uwe.de\/blog\/wetter-algarve-august-2026\/","og_site_name":"Algarve Blog","article_publisher":"https:\/\/de-de.facebook.com\/pages\/category\/Local-Service\/Wandern-mit-Uwe-114034465327901\/","article_published_time":"2026-08-31T15:13:13+00:00","article_modified_time":"2026-08-31T15:17:12+00:00","og_image":[{"width":640,"height":364,"url":"https:\/\/wandern-mit-uwe.de\/blog\/wp-content\/uploads\/2026\/08\/wetter-algarve-august-2026-00-IMG_5839.webp","type":"image\/webp"}],"author":"Uwe","twitter_card":"summary_large_image","twitter_creator":"@uweportugal","twitter_site":"@uweportugal","twitter_misc":{"Verfasst von":"Uwe","Gesch\u00e4tzte Lesezeit":"4\u00a0Minuten"},"schema":{"@context":"https:\/\/schema.org","@graph":[{"@type":"Article","@id":"https:\/\/wandern-mit-uwe.de\/blog\/wetter-algarve-august-2026\/#article","isPartOf":{"@id":"https:\/\/wandern-mit-uwe.de\/blog\/wetter-algarve-august-2026\/"},"author":{"name":"Uwe","@id":"https:\/\/wandern-mit-uwe.de\/blog\/#\/schema\/person\/f3ddbed34e549971c7d7d71a374be1f0"},"headline":"Wetter Algarve August 2026","datePublished":"2026-08-31T15:13:13+00:00","dateModified":"2026-08-31T15:17:12+00:00","mainEntityOfPage":{"@id":"https:\/\/wandern-mit-uwe.de\/blog\/wetter-algarve-august-2026\/"},"wordCount":386,"publisher":{"@id":"https:\/\/wandern-mit-uwe.de\/blog\/#organization"},"image":{"@id":"https:\/\/wandern-mit-uwe.de\/blog\/wetter-algarve-august-2026\/#primaryimage"},"thumbnailUrl":"https:\/\/wandern-mit-uwe.de\/blog\/wp-content\/uploads\/2026\/08\/wetter-algarve-august-2026-00-IMG_5839.webp","keywords":["Wetter"],"articleSection":["Alle Beitr\u00e4ge","Wetter","Wetter August"],"inLanguage":"de"},{"@type":"WebPage","@id":"https:\/\/wandern-mit-uwe.de\/blog\/wetter-algarve-august-2026\/","url":"https:\/\/wandern-mit-uwe.de\/blog\/wetter-algarve-august-2026\/","name":"Algarve Wetter im August 2026, Spitzenwerte & Sonnenstunden","isPartOf":{"@id":"https:\/\/wandern-mit-uwe.de\/blog\/#website"},"primaryImageOfPage":{"@id":"https:\/\/wandern-mit-uwe.de\/blog\/wetter-algarve-august-2026\/#primaryimage"},"image":{"@id":"https:\/\/wandern-mit-uwe.de\/blog\/wetter-algarve-august-2026\/#primaryimage"},"thumbnailUrl":"https:\/\/wandern-mit-uwe.de\/blog\/wp-content\/uploads\/2026\/08\/wetter-algarve-august-2026-00-IMG_5839.webp","datePublished":"2026-08-31T15:13:13+00:00","dateModified":"2026-08-31T15:17:12+00:00","description":"Das Algarve Wetter im August 2026 brachte viel Sonnenschein und kaum Regen. Alle Daten im Monatsr\u00fcckblick. Mit dem 3 Jahresr\u00fcckblick.","breadcrumb":{"@id":"https:\/\/wandern-mit-uwe.de\/blog\/wetter-algarve-august-2026\/#breadcrumb"},"inLanguage":"de","potentialAction":[{"@type":"ReadAction","target":["https:\/\/wandern-mit-uwe.de\/blog\/wetter-algarve-august-2026\/"]}]},{"@type":"ImageObject","inLanguage":"de","@id":"https:\/\/wandern-mit-uwe.de\/blog\/wetter-algarve-august-2026\/#primaryimage","url":"https:\/\/wandern-mit-uwe.de\/blog\/wp-content\/uploads\/2026\/08\/wetter-algarve-august-2026-00-IMG_5839.webp","contentUrl":"https:\/\/wandern-mit-uwe.de\/blog\/wp-content\/uploads\/2026\/08\/wetter-algarve-august-2026-00-IMG_5839.webp","width":640,"height":364,"caption":"wetter-algarve-august-2026-00-IMG_5839"},{"@type":"BreadcrumbList","@id":"https:\/\/wandern-mit-uwe.de\/blog\/wetter-algarve-august-2026\/#breadcrumb","itemListElement":[{"@type":"ListItem","position":1,"name":"Wetter","item":"https:\/\/wandern-mit-uwe.de\/blog\/category\/wetter\/"},{"@type":"ListItem","position":2,"name":"Wetter August","item":"https:\/\/wandern-mit-uwe.de\/blog\/category\/wetter\/wetter-august\/"},{"@type":"ListItem","position":3,"name":"Wetter Algarve August 2026"}]},{"@type":"WebSite","@id":"https:\/\/wandern-mit-uwe.de\/blog\/#website","url":"https:\/\/wandern-mit-uwe.de\/blog\/","name":"Algarve Blog","description":"Wandern, Sehensw\u00fcrdigkeiten, Str\u00e4nde, Wetter, Geschichte und Geschichten zur Algarve","publisher":{"@id":"https:\/\/wandern-mit-uwe.de\/blog\/#organization"},"potentialAction":[{"@type":"SearchAction","target":{"@type":"EntryPoint","urlTemplate":"https:\/\/wandern-mit-uwe.de\/blog\/?s={search_term_string}"},"query-input":{"@type":"PropertyValueSpecification","valueRequired":true,"valueName":"search_term_string"}}],"inLanguage":"de"},{"@type":"Organization","@id":"https:\/\/wandern-mit-uwe.de\/blog\/#organization","name":"Wandern mit Uwe","url":"https:\/\/wandern-mit-uwe.de\/blog\/","logo":{"@type":"ImageObject","inLanguage":"de","@id":"https:\/\/wandern-mit-uwe.de\/blog\/#\/schema\/logo\/image\/","url":"https:\/\/wandern-mit-uwe.de\/blog\/wp-content\/uploads\/2019\/08\/4Gecko.png","contentUrl":"https:\/\/wandern-mit-uwe.de\/blog\/wp-content\/uploads\/2019\/08\/4Gecko.png","width":75,"height":75,"caption":"Wandern mit Uwe"},"image":{"@id":"https:\/\/wandern-mit-uwe.de\/blog\/#\/schema\/logo\/image\/"},"sameAs":["https:\/\/de-de.facebook.com\/pages\/category\/Local-Service\/Wandern-mit-Uwe-114034465327901\/","https:\/\/x.com\/uweportugal","https:\/\/pt.linkedin.com\/in\/uwe-schemionek-88560779?trk=author_mini-profile_title","https:\/\/www.pinterest.de\/uschemionek\/","https:\/\/www.youtube.com\/channel\/UCAH1t267D6VU2cS-NQ0rCHA","https:\/\/www.youtube.com\/@UweSchemionek\/videos"]},{"@type":"Person","@id":"https:\/\/wandern-mit-uwe.de\/blog\/#\/schema\/person\/f3ddbed34e549971c7d7d71a374be1f0","name":"Uwe","sameAs":["https:\/\/wandern-mit-uwe.de"]}]}},"_links":{"self":[{"href":"https:\/\/wandern-mit-uwe.de\/blog\/wp-json\/wp\/v2\/posts\/7675","targetHints":{"allow":["GET"]}}],"collection":[{"href":"https:\/\/wandern-mit-uwe.de\/blog\/wp-json\/wp\/v2\/posts"}],"about":[{"href":"https:\/\/wandern-mit-uwe.de\/blog\/wp-json\/wp\/v2\/types\/post"}],"author":[{"embeddable":true,"href":"https:\/\/wandern-mit-uwe.de\/blog\/wp-json\/wp\/v2\/users\/2"}],"replies":[{"embeddable":true,"href":"https:\/\/wandern-mit-uwe.de\/blog\/wp-json\/wp\/v2\/comments?post=7675"}],"version-history":[{"count":6,"href":"https:\/\/wandern-mit-uwe.de\/blog\/wp-json\/wp\/v2\/posts\/7675\/revisions"}],"predecessor-version":[{"id":7683,"href":"https:\/\/wandern-mit-uwe.de\/blog\/wp-json\/wp\/v2\/posts\/7675\/revisions\/7683"}],"wp:featuredmedia":[{"embeddable":true,"href":"https:\/\/wandern-mit-uwe.de\/blog\/wp-json\/wp\/v2\/media\/7669"}],"wp:attachment":[{"href":"https:\/\/wandern-mit-uwe.de\/blog\/wp-json\/wp\/v2\/media?parent=7675"}],"wp:term":[{"taxonomy":"category","embeddable":true,"href":"https:\/\/wandern-mit-uwe.de\/blog\/wp-json\/wp\/v2\/categories?post=7675"},{"taxonomy":"post_tag","embeddable":true,"href":"https:\/\/wandern-mit-uwe.de\/blog\/wp-json\/wp\/v2\/tags?post=7675"}],"curies":[{"name":"wp","href":"https:\/\/api.w.org\/{rel}","templated":true}]}}