{"id":7595,"date":"2026-05-01T12:19:20","date_gmt":"2026-05-01T12:19:20","guid":{"rendered":"https:\/\/wandern-mit-uwe.de\/blog\/?p=7595"},"modified":"2026-05-01T12:37:54","modified_gmt":"2026-05-01T12:37:54","slug":"wetter-algarve-april-2026","status":"publish","type":"post","link":"https:\/\/wandern-mit-uwe.de\/blog\/wetter-algarve-april-2026\/","title":{"rendered":"Wetter Algarve April 2026"},"content":{"rendered":"<h1>Das Algarve Wetter im April 2026<\/h1>\n<p>Das <strong>Algarve Wetter im April 2026<\/strong> zeigte sich insgesamt von seiner sehr freundlichen Seite und bot ideale Bedingungen f\u00fcr Urlaub, Wandern und erste Strandtage. In diesem Monatsbericht bekommst Du eine ausf\u00fchrliche Auswertung der Wetterdaten sowie eine Einsch\u00e4tzung zu Temperaturen, Sonne, Regen und Wassertemperatur. Eine visuelle \u00dcbersicht findest Du weiter unten bei den <a href=\"#wetter-algarve-april-2026\" title=\"direkt zu den Wettergrafiken\">Wettergrafiken<\/a>.<\/p>\n<p>Insgesamt war das <strong>Algarve Wetter im April 2026<\/strong> gepr\u00e4gt von vielen sonnigen Tagen, milden Temperaturen und nur wenigen kurzen Regenphasen.<\/p>\n<p>Wer die Wetterwerte besser einsch\u00e4tzen m\u00f6chte, findet in der <a href=\"https:\/\/wandern-mit-uwe.de\/blog\/klima-und-wetter-der-algarve\/#klimatabelle\" title=\"Klimatabelle der Algarve\">Klimatabelle der Algarve<\/a> zus\u00e4tzliche Vergleichsdaten verschiedener Monate. Die offiziellen Wetterdaten stammen erneut vom portugiesischen Wetterdienst <a href=\"https:\/\/www.ipma.pt\" target=\"_blank\" rel=\"noopener noreferrer\" title=\"Portugiesischer Wetterdienst IPMA\">IPMA<\/a>. Weiter unten auf dieser Seite findest Du au\u00dferdem wieder einen <a href=\"#drei-monate\" title=\"Direkt zum Wettervergleich\">Wettervergleich der letzten  drei April Monate<\/a> zur besseren Orientierung f\u00fcr die Reiseplanung.<\/p>\n<p>Zum Monatsbeginn zeigte sich die Algarve bereits von ihrer ausgesprochen sonnigen Seite. H\u00e4ufig wurden Temperaturen zwischen 23 und 25 Grad erreicht, begleitet von vielen klaren Stunden und nur wenig Wind. Niederschl\u00e4ge blieben zun\u00e4chst nahezu vollst\u00e4ndig aus, wodurch sich vielerorts schon ein fast fr\u00fchsommerlicher Eindruck ergab.<\/p>\n<div class=\"vollbild\">\n<img decoding=\"async\" class=\"img-big\" loading=\"lazy\" src=\"https:\/\/wandern-mit-uwe.de\/blog\/wp-content\/uploads\/2026\/05\/wetter-algarve-april-2026-00-IMG_114403.webp\" title=\"Sonniges Fr\u00fchlingswetter an der Algarve im April 2026\" alt=\"Algarve Landschaft im April 2026 bei sonnigem Wetter\" width=\"640\" height=\"360\">\n<\/div>\n<p>Etwas wechselhafter verlief lediglich der Zeitraum zwischen dem 6. und 9. April. Vor\u00fcbergehend gingen die Temperaturen zur\u00fcck und zeitweise fiel Regen. Der 7. April brachte dabei die gr\u00f6\u00dften Niederschlagsmengen des Monats. Gleichzeitig zeigte sich die Sonne in dieser kurzen Phase deutlich seltener als zuvor.<\/p>\n<p>Schon wenige Tage sp\u00e4ter beruhigte sich die Wetterlage erneut sp\u00fcrbar. Vor allem ab der Monatsmitte dominierten wieder trockene und freundliche Bedingungen mit vielen Sonnenstunden. Gerade an den Nachmittagen herrschte h\u00e4ufig ideales Wetter f\u00fcr Ausfl\u00fcge entlang der K\u00fcste oder Aufenthalte an den Str\u00e4nden.<\/p>\n<p>Besonders auff\u00e4llig war im April die weiterhin sehr gr\u00fcne und bl\u00fchende Landschaft. Durch die Niederschl\u00e4ge der Wintermonate pr\u00e4sentierten sich viele Regionen der Algarve noch au\u00dfergew\u00f6hnlich farbenfroh. Vor allem im Hinterland sowie in den Bergen rund um Monchique entstanden dadurch hervorragende Bedingungen f\u00fcr Wanderungen und Naturerkundungen.<\/p>\n<p><img decoding=\"async\" class=\"img-left\" loading=\"lazy\" src=\"https:\/\/wandern-mit-uwe.de\/blog\/wp-content\/uploads\/2026\/05\/wetter-algarve-april-2026-06-IMG_6564.webp\" title=\"Fr\u00fchling an der Algarve im April\" alt=\"Foto: Pfingstrose Algarve\" width=\"300\" height=\"253\">Insgesamt zeigte sich der April 2026 \u00fcberwiegend trocken, sonnig und angenehm warm. Die Tagesh\u00f6chstwerte bewegten sich meist zwischen 20 und 25 Grad, w\u00e4hrend die N\u00e4chte weiterhin vergleichsweise mild blieben. Gleichzeitig wurden vielerorts bereits fr\u00fchsommerliche Wetterphasen erreicht, die sich sowohl f\u00fcr aktive Urlauber als auch f\u00fcr entspannte Strandtage sehr gut eigneten.<\/p>\n<p>Auch die Wassertemperatur des Atlantiks stieg im Verlauf des Monats langsam weiter an und lag durchschnittlich bei etwa <strong>16,5 Grad<\/strong>. Besonders an sonnigen und windstillen Tagen waren bereits erste Badeg\u00e4ste im Meer zu sehen. F\u00fcr l\u00e4ngere Schwimmeinheiten empfanden viele Urlauber das Wasser allerdings noch als eher frisch.<\/p>\n<p>Gerade f\u00fcr Wanderungen bot der April hervorragende Voraussetzungen. Die Landschaft zeigte sich weiterhin gr\u00fcn und bl\u00fchend, w\u00e4hrend die Temperaturen meist noch angenehm f\u00fcr l\u00e4ngere Touren waren. Besonders beliebt sind jetzt Wanderungen im Bergland von Monchique, wie beispielsweise die <a href=\"https:\/\/wandern-mit-uwe.de\/gefuehrte-wanderung-in-monchique-zum-picota\/\" title=\"Gef\u00fchrte Wanderung zum Picota\">Wanderung auf den Picota<\/a>.<\/p>\n<p>Wenn Du verschiedene Gebiete entdecken m\u00f6chtest, dann findest Du in der <a href=\"https:\/\/wandern-mit-uwe.de\/uebersicht-der-schoensten-algarve-wanderungen\/\" title=\"\u00dcbersicht der sch\u00f6nsten Algarve Wanderungen\">\u00dcbersicht der sch\u00f6nsten Algarve Wanderungen<\/a> passende Wanderungen. Ebenfalls sehr beliebt sind im Fr\u00fchling organisierte <a href=\"https:\/\/wandern-mit-uwe.de\/wanderwochen-algarve\/\" title=\"Wanderwochen Algarve\">Wanderwochen an der Algarve<\/a> oder individuell gef\u00fchrte <a href=\"https:\/\/wandern-mit-uwe.de\/wanderreisen-portugal-algarve\/\" title=\"Wanderreisen Portugal Algarve\">Wanderreisen Portugal Algarve<\/a>. F\u00fcr l\u00e4ngere oder mehrere Touren empfiehlt sich nat\u00fcrlich eine passende <a href=\"https:\/\/wandern-mit-uwe.de\/blog\/ausruestung-und-tipps-zum-wandern\/\" title=\"Ausr\u00fcstung und Tipps zum Wandern\">Wanderausr\u00fcstung<\/a>.<\/p>\n<h2 id=\"wetter-algarve-april-2026\">Wettergrafiken Algarve April 2026<\/h2>\n<div class=\"flexbox-fotos\">\n<img decoding=\"async\" class=\"img-felxbox\" loading=\"lazy\" src=\"https:\/\/wandern-mit-uwe.de\/blog\/wp-content\/uploads\/2026\/05\/wetter-algarve-april-2026-01.webp\" title=\"Wetter Woche 1 April 2026\" alt=\"Wettergrafik erste Aprilwoche 2026 Algarve\" width=\"310\" height=\"474\"><br \/>\n<img decoding=\"async\" class=\"img-felxbox\" loading=\"lazy\" src=\"https:\/\/wandern-mit-uwe.de\/blog\/wp-content\/uploads\/2026\/05\/wetter-algarve-april-2026-02.webp\" title=\"Wetter Woche 2 April 2026\" alt=\"Niederschlags\u00fcbersicht zweite Aprilwoche 2026 Algarve\" width=\"310\" height=\"475\"><br \/>\n<img decoding=\"async\" class=\"img-felxbox\" loading=\"lazy\" src=\"https:\/\/wandern-mit-uwe.de\/blog\/wp-content\/uploads\/2026\/05\/wetter-algarve-april-2026-03.webp\" title=\"Wetter Woche 3 April 2026\" alt=\"Temperaturverlauf Algarve dritte Aprilwoche 2026\" width=\"310\" height=\"475\"><br \/>\n<img decoding=\"async\" class=\"img-felxbox\" loading=\"lazy\" src=\"https:\/\/wandern-mit-uwe.de\/blog\/wp-content\/uploads\/2026\/05\/wetter-algarve-april-2026-04.webp\" title=\"Wetter Woche 4 April 2026\" alt=\"Sonnenstunden und Temperaturen vierte Aprilwoche 2026\" width=\"310\" height=\"369\">\n<\/div>\n<p class=\"mitte abstand-40px\">Hier findest Du generelle und ausschlaggebende Informationen zum <a href=\"https:\/\/wandern-mit-uwe.de\/blog\/klima-und-wetter-der-algarve\/\" title=\"Wetter und Klimazonen der Algarve\">Wetter und den Klimazonen der Algarve<\/a>, die Dir helfen auch das richtige Gebiet f\u00fcr Deinen Urlaub auszuw\u00e4hlen.<\/p>\n\n<section id=\"drei-monate\" class=\"jahresvergleich\">\n\n  <h3 class=\"vergleichs-h3\">\n    Wettervergleich\n    April    2024, 2025, 2026  <\/h3>\n\n  <div class=\"vergleich-flex-cont\">\n\n    <!-- vor 2 Jahren -->\n    <div class=\"box-jahr-1\">\n      <div class=\"jahreszahl-1\">2024<\/div>\n\n      <div class=\"feld-label\">\u00d8 H\u00f6chsttemperatur<\/div>\n      <div class=\"feld-temp-max\">20.8 \u00b0C<\/div>\n\n      <div class=\"feld-label\">\u00d8 Tiefsttemperatur<\/div>\n      <div class=\"feld-temp-min\">12.9 \u00b0C<\/div>\n\n      <div class=\"feld-label\">Niederschlag<\/div>\n      <div class=\"feld-regen\">5.1 mm<\/div>\n\n      <div class=\"feld-label\">Sonnenstunden<\/div>\n      <div class=\"feld-sonne\">305 h<\/div>\n    <\/div>\n\n    <!-- letztes Jahr -->\n    <div class=\"box-jahr-2\">\n      <div class=\"jahreszahl-2\">2025<\/div>\n\n      <div class=\"feld-label\">\u00d8 H\u00f6chsttemperatur<\/div>\n      <div class=\"feld-temp-max\">19.7 \u00b0C<\/div>\n\n      <div class=\"feld-label\">\u00d8 Tiefsttemperatur<\/div>\n      <div class=\"feld-temp-min\">13.2 \u00b0C<\/div>\n\n      <div class=\"feld-label\">Niederschlag<\/div>\n      <div class=\"feld-regen\">65.8 mm<\/div>\n\n      <div class=\"feld-label\">Sonnenstunden<\/div>\n      <div class=\"feld-sonne\">233 h<\/div>\n    <\/div>\n\n    <!-- aktuelles Jahr -->\n    <div class=\"box-jahr-3\">\n      <div class=\"jahreszahl-3\">2026<\/div>\n\n      <div class=\"feld-label\">\u00d8 H\u00f6chsttemperatur<\/div>\n      <div class=\"feld-temp-max\">21.5 \u00b0C<\/div>\n\n      <div class=\"feld-label\">\u00d8 Tiefsttemperatur<\/div>\n      <div class=\"feld-temp-min\">12.4 \u00b0C<\/div>\n\n      <div class=\"feld-label\">Niederschlag<\/div>\n      <div class=\"feld-regen\">16.5 mm<\/div>\n\n      <div class=\"feld-label\">Sonnenstunden<\/div>\n      <div class=\"feld-sonne\">262 h<\/div>\n    <\/div>\n\n  <\/div>\n\n<\/section>\n\n\n","protected":false},"excerpt":{"rendered":"<p>Das Algarve Wetter im April 2026 Das Algarve Wetter im April 2026 zeigte sich insgesamt von seiner sehr freundlichen Seite und bot ideale Bedingungen f\u00fcr Urlaub, Wandern und erste Strandtage. In diesem Monatsbericht bekommst Du eine ausf\u00fchrliche Auswertung der Wetterdaten sowie eine Einsch\u00e4tzung zu Temperaturen, Sonne, Regen und Wassertemperatur. Eine visuelle \u00dcbersicht findest Du weiter &#8230; <a title=\"Wetter Algarve April 2026\" class=\"read-more\" href=\"https:\/\/wandern-mit-uwe.de\/blog\/wetter-algarve-april-2026\/\" aria-label=\"Mehr Informationen \u00fcber Wetter Algarve April 2026\">Weiterlesen<\/a><\/p>\n","protected":false},"author":2,"featured_media":7589,"comment_status":"closed","ping_status":"closed","sticky":false,"template":"","format":"standard","meta":{"footnotes":""},"categories":[106,82,110],"tags":[11],"class_list":["post-7595","post","type-post","status-publish","format-standard","has-post-thumbnail","hentry","category-alle-beitraege","category-wetter","category-wetter-april","tag-wetter"],"yoast_head":"<!-- This site is optimized with the Yoast SEO plugin v27.5 - https:\/\/yoast.com\/product\/yoast-seo-wordpress\/ -->\n<title>Algarve Wetter April 2026: Klima, Temperaturen &amp; Wandern<\/title>\n<meta name=\"description\" content=\"Algarve Wetter April 2026: Detaillierter Wetterbericht mit Temperaturen, Sonne, Regen und Wassertemperatur. Ideal f\u00fcr Urlaub, Wandern und ...\" \/>\n<meta name=\"robots\" content=\"index, follow, max-snippet:-1, max-image-preview:large, max-video-preview:-1\" \/>\n<link rel=\"canonical\" href=\"https:\/\/wandern-mit-uwe.de\/blog\/wetter-algarve-april-2026\/\" \/>\n<meta property=\"og:locale\" content=\"de_DE\" \/>\n<meta property=\"og:type\" content=\"article\" \/>\n<meta property=\"og:title\" content=\"Algarve Wetter April 2026: Klima, Temperaturen &amp; Wandern\" \/>\n<meta property=\"og:description\" content=\"Algarve Wetter April 2026: Detaillierter Wetterbericht mit Temperaturen, Sonne, Regen und Wassertemperatur. Ideal f\u00fcr Urlaub, Wandern und ...\" \/>\n<meta property=\"og:url\" content=\"https:\/\/wandern-mit-uwe.de\/blog\/wetter-algarve-april-2026\/\" \/>\n<meta property=\"og:site_name\" content=\"Algarve Blog\" \/>\n<meta property=\"article:publisher\" content=\"https:\/\/de-de.facebook.com\/pages\/category\/Local-Service\/Wandern-mit-Uwe-114034465327901\/\" \/>\n<meta property=\"article:published_time\" content=\"2026-05-01T12:19:20+00:00\" \/>\n<meta property=\"article:modified_time\" content=\"2026-05-01T12:37:54+00:00\" \/>\n<meta property=\"og:image\" content=\"https:\/\/wandern-mit-uwe.de\/blog\/wp-content\/uploads\/2026\/05\/wetter-algarve-april-2026-00-IMG_114403.webp\" \/>\n\t<meta property=\"og:image:width\" content=\"640\" \/>\n\t<meta property=\"og:image:height\" content=\"360\" \/>\n\t<meta property=\"og:image:type\" content=\"image\/webp\" \/>\n<meta name=\"author\" content=\"Uwe\" \/>\n<meta name=\"twitter:card\" content=\"summary_large_image\" \/>\n<meta name=\"twitter:creator\" content=\"@uweportugal\" \/>\n<meta name=\"twitter:site\" content=\"@uweportugal\" \/>\n<meta name=\"twitter:label1\" content=\"Verfasst von\" \/>\n\t<meta name=\"twitter:data1\" content=\"Uwe\" \/>\n\t<meta name=\"twitter:label2\" content=\"Gesch\u00e4tzte Lesezeit\" \/>\n\t<meta name=\"twitter:data2\" content=\"5\u00a0Minuten\" \/>\n<script type=\"application\/ld+json\" class=\"yoast-schema-graph\">{\"@context\":\"https:\\\/\\\/schema.org\",\"@graph\":[{\"@type\":\"Article\",\"@id\":\"https:\\\/\\\/wandern-mit-uwe.de\\\/blog\\\/wetter-algarve-april-2026\\\/#article\",\"isPartOf\":{\"@id\":\"https:\\\/\\\/wandern-mit-uwe.de\\\/blog\\\/wetter-algarve-april-2026\\\/\"},\"author\":{\"name\":\"Uwe\",\"@id\":\"https:\\\/\\\/wandern-mit-uwe.de\\\/blog\\\/#\\\/schema\\\/person\\\/f3ddbed34e549971c7d7d71a374be1f0\"},\"headline\":\"Wetter Algarve April 2026\",\"datePublished\":\"2026-05-01T12:19:20+00:00\",\"dateModified\":\"2026-05-01T12:37:54+00:00\",\"mainEntityOfPage\":{\"@id\":\"https:\\\/\\\/wandern-mit-uwe.de\\\/blog\\\/wetter-algarve-april-2026\\\/\"},\"wordCount\":566,\"publisher\":{\"@id\":\"https:\\\/\\\/wandern-mit-uwe.de\\\/blog\\\/#organization\"},\"image\":{\"@id\":\"https:\\\/\\\/wandern-mit-uwe.de\\\/blog\\\/wetter-algarve-april-2026\\\/#primaryimage\"},\"thumbnailUrl\":\"https:\\\/\\\/wandern-mit-uwe.de\\\/blog\\\/wp-content\\\/uploads\\\/2026\\\/05\\\/wetter-algarve-april-2026-00-IMG_114403.webp\",\"keywords\":[\"Wetter\"],\"articleSection\":[\"Alle Beitr\u00e4ge\",\"Wetter\",\"Wetter April\"],\"inLanguage\":\"de\"},{\"@type\":\"WebPage\",\"@id\":\"https:\\\/\\\/wandern-mit-uwe.de\\\/blog\\\/wetter-algarve-april-2026\\\/\",\"url\":\"https:\\\/\\\/wandern-mit-uwe.de\\\/blog\\\/wetter-algarve-april-2026\\\/\",\"name\":\"Algarve Wetter April 2026: Klima, Temperaturen & Wandern\",\"isPartOf\":{\"@id\":\"https:\\\/\\\/wandern-mit-uwe.de\\\/blog\\\/#website\"},\"primaryImageOfPage\":{\"@id\":\"https:\\\/\\\/wandern-mit-uwe.de\\\/blog\\\/wetter-algarve-april-2026\\\/#primaryimage\"},\"image\":{\"@id\":\"https:\\\/\\\/wandern-mit-uwe.de\\\/blog\\\/wetter-algarve-april-2026\\\/#primaryimage\"},\"thumbnailUrl\":\"https:\\\/\\\/wandern-mit-uwe.de\\\/blog\\\/wp-content\\\/uploads\\\/2026\\\/05\\\/wetter-algarve-april-2026-00-IMG_114403.webp\",\"datePublished\":\"2026-05-01T12:19:20+00:00\",\"dateModified\":\"2026-05-01T12:37:54+00:00\",\"description\":\"Algarve Wetter April 2026: Detaillierter Wetterbericht mit Temperaturen, Sonne, Regen und Wassertemperatur. Ideal f\u00fcr Urlaub, Wandern und ...\",\"breadcrumb\":{\"@id\":\"https:\\\/\\\/wandern-mit-uwe.de\\\/blog\\\/wetter-algarve-april-2026\\\/#breadcrumb\"},\"inLanguage\":\"de\",\"potentialAction\":[{\"@type\":\"ReadAction\",\"target\":[\"https:\\\/\\\/wandern-mit-uwe.de\\\/blog\\\/wetter-algarve-april-2026\\\/\"]}]},{\"@type\":\"ImageObject\",\"inLanguage\":\"de\",\"@id\":\"https:\\\/\\\/wandern-mit-uwe.de\\\/blog\\\/wetter-algarve-april-2026\\\/#primaryimage\",\"url\":\"https:\\\/\\\/wandern-mit-uwe.de\\\/blog\\\/wp-content\\\/uploads\\\/2026\\\/05\\\/wetter-algarve-april-2026-00-IMG_114403.webp\",\"contentUrl\":\"https:\\\/\\\/wandern-mit-uwe.de\\\/blog\\\/wp-content\\\/uploads\\\/2026\\\/05\\\/wetter-algarve-april-2026-00-IMG_114403.webp\",\"width\":640,\"height\":360,\"caption\":\"wetter-algarve-april-2026-00\"},{\"@type\":\"BreadcrumbList\",\"@id\":\"https:\\\/\\\/wandern-mit-uwe.de\\\/blog\\\/wetter-algarve-april-2026\\\/#breadcrumb\",\"itemListElement\":[{\"@type\":\"ListItem\",\"position\":1,\"name\":\"Wetter\",\"item\":\"https:\\\/\\\/wandern-mit-uwe.de\\\/blog\\\/category\\\/wetter\\\/\"},{\"@type\":\"ListItem\",\"position\":2,\"name\":\"Wetter Algarve April 2026\"}]},{\"@type\":\"WebSite\",\"@id\":\"https:\\\/\\\/wandern-mit-uwe.de\\\/blog\\\/#website\",\"url\":\"https:\\\/\\\/wandern-mit-uwe.de\\\/blog\\\/\",\"name\":\"Algarve Blog\",\"description\":\"Wandern, Sehensw\u00fcrdigkeiten, Str\u00e4nde, Wetter, Geschichte und Geschichten zur Algarve\",\"publisher\":{\"@id\":\"https:\\\/\\\/wandern-mit-uwe.de\\\/blog\\\/#organization\"},\"potentialAction\":[{\"@type\":\"SearchAction\",\"target\":{\"@type\":\"EntryPoint\",\"urlTemplate\":\"https:\\\/\\\/wandern-mit-uwe.de\\\/blog\\\/?s={search_term_string}\"},\"query-input\":{\"@type\":\"PropertyValueSpecification\",\"valueRequired\":true,\"valueName\":\"search_term_string\"}}],\"inLanguage\":\"de\"},{\"@type\":\"Organization\",\"@id\":\"https:\\\/\\\/wandern-mit-uwe.de\\\/blog\\\/#organization\",\"name\":\"Wandern mit Uwe\",\"url\":\"https:\\\/\\\/wandern-mit-uwe.de\\\/blog\\\/\",\"logo\":{\"@type\":\"ImageObject\",\"inLanguage\":\"de\",\"@id\":\"https:\\\/\\\/wandern-mit-uwe.de\\\/blog\\\/#\\\/schema\\\/logo\\\/image\\\/\",\"url\":\"https:\\\/\\\/wandern-mit-uwe.de\\\/blog\\\/wp-content\\\/uploads\\\/2019\\\/08\\\/4Gecko.png\",\"contentUrl\":\"https:\\\/\\\/wandern-mit-uwe.de\\\/blog\\\/wp-content\\\/uploads\\\/2019\\\/08\\\/4Gecko.png\",\"width\":75,\"height\":75,\"caption\":\"Wandern mit Uwe\"},\"image\":{\"@id\":\"https:\\\/\\\/wandern-mit-uwe.de\\\/blog\\\/#\\\/schema\\\/logo\\\/image\\\/\"},\"sameAs\":[\"https:\\\/\\\/de-de.facebook.com\\\/pages\\\/category\\\/Local-Service\\\/Wandern-mit-Uwe-114034465327901\\\/\",\"https:\\\/\\\/x.com\\\/uweportugal\",\"https:\\\/\\\/pt.linkedin.com\\\/in\\\/uwe-schemionek-88560779?trk=author_mini-profile_title\",\"https:\\\/\\\/www.pinterest.de\\\/uschemionek\\\/\",\"https:\\\/\\\/www.youtube.com\\\/channel\\\/UCAH1t267D6VU2cS-NQ0rCHA\",\"https:\\\/\\\/www.youtube.com\\\/@UweSchemionek\\\/videos\"]},{\"@type\":\"Person\",\"@id\":\"https:\\\/\\\/wandern-mit-uwe.de\\\/blog\\\/#\\\/schema\\\/person\\\/f3ddbed34e549971c7d7d71a374be1f0\",\"name\":\"Uwe\",\"sameAs\":[\"https:\\\/\\\/wandern-mit-uwe.de\"]}]}<\/script>\n<!-- \/ Yoast SEO plugin. -->","yoast_head_json":{"title":"Algarve Wetter April 2026: Klima, Temperaturen & Wandern","description":"Algarve Wetter April 2026: Detaillierter Wetterbericht mit Temperaturen, Sonne, Regen und Wassertemperatur. Ideal f\u00fcr Urlaub, Wandern und ...","robots":{"index":"index","follow":"follow","max-snippet":"max-snippet:-1","max-image-preview":"max-image-preview:large","max-video-preview":"max-video-preview:-1"},"canonical":"https:\/\/wandern-mit-uwe.de\/blog\/wetter-algarve-april-2026\/","og_locale":"de_DE","og_type":"article","og_title":"Algarve Wetter April 2026: Klima, Temperaturen & Wandern","og_description":"Algarve Wetter April 2026: Detaillierter Wetterbericht mit Temperaturen, Sonne, Regen und Wassertemperatur. Ideal f\u00fcr Urlaub, Wandern und ...","og_url":"https:\/\/wandern-mit-uwe.de\/blog\/wetter-algarve-april-2026\/","og_site_name":"Algarve Blog","article_publisher":"https:\/\/de-de.facebook.com\/pages\/category\/Local-Service\/Wandern-mit-Uwe-114034465327901\/","article_published_time":"2026-05-01T12:19:20+00:00","article_modified_time":"2026-05-01T12:37:54+00:00","og_image":[{"width":640,"height":360,"url":"https:\/\/wandern-mit-uwe.de\/blog\/wp-content\/uploads\/2026\/05\/wetter-algarve-april-2026-00-IMG_114403.webp","type":"image\/webp"}],"author":"Uwe","twitter_card":"summary_large_image","twitter_creator":"@uweportugal","twitter_site":"@uweportugal","twitter_misc":{"Verfasst von":"Uwe","Gesch\u00e4tzte Lesezeit":"5\u00a0Minuten"},"schema":{"@context":"https:\/\/schema.org","@graph":[{"@type":"Article","@id":"https:\/\/wandern-mit-uwe.de\/blog\/wetter-algarve-april-2026\/#article","isPartOf":{"@id":"https:\/\/wandern-mit-uwe.de\/blog\/wetter-algarve-april-2026\/"},"author":{"name":"Uwe","@id":"https:\/\/wandern-mit-uwe.de\/blog\/#\/schema\/person\/f3ddbed34e549971c7d7d71a374be1f0"},"headline":"Wetter Algarve April 2026","datePublished":"2026-05-01T12:19:20+00:00","dateModified":"2026-05-01T12:37:54+00:00","mainEntityOfPage":{"@id":"https:\/\/wandern-mit-uwe.de\/blog\/wetter-algarve-april-2026\/"},"wordCount":566,"publisher":{"@id":"https:\/\/wandern-mit-uwe.de\/blog\/#organization"},"image":{"@id":"https:\/\/wandern-mit-uwe.de\/blog\/wetter-algarve-april-2026\/#primaryimage"},"thumbnailUrl":"https:\/\/wandern-mit-uwe.de\/blog\/wp-content\/uploads\/2026\/05\/wetter-algarve-april-2026-00-IMG_114403.webp","keywords":["Wetter"],"articleSection":["Alle Beitr\u00e4ge","Wetter","Wetter April"],"inLanguage":"de"},{"@type":"WebPage","@id":"https:\/\/wandern-mit-uwe.de\/blog\/wetter-algarve-april-2026\/","url":"https:\/\/wandern-mit-uwe.de\/blog\/wetter-algarve-april-2026\/","name":"Algarve Wetter April 2026: Klima, Temperaturen & Wandern","isPartOf":{"@id":"https:\/\/wandern-mit-uwe.de\/blog\/#website"},"primaryImageOfPage":{"@id":"https:\/\/wandern-mit-uwe.de\/blog\/wetter-algarve-april-2026\/#primaryimage"},"image":{"@id":"https:\/\/wandern-mit-uwe.de\/blog\/wetter-algarve-april-2026\/#primaryimage"},"thumbnailUrl":"https:\/\/wandern-mit-uwe.de\/blog\/wp-content\/uploads\/2026\/05\/wetter-algarve-april-2026-00-IMG_114403.webp","datePublished":"2026-05-01T12:19:20+00:00","dateModified":"2026-05-01T12:37:54+00:00","description":"Algarve Wetter April 2026: Detaillierter Wetterbericht mit Temperaturen, Sonne, Regen und Wassertemperatur. Ideal f\u00fcr Urlaub, Wandern und ...","breadcrumb":{"@id":"https:\/\/wandern-mit-uwe.de\/blog\/wetter-algarve-april-2026\/#breadcrumb"},"inLanguage":"de","potentialAction":[{"@type":"ReadAction","target":["https:\/\/wandern-mit-uwe.de\/blog\/wetter-algarve-april-2026\/"]}]},{"@type":"ImageObject","inLanguage":"de","@id":"https:\/\/wandern-mit-uwe.de\/blog\/wetter-algarve-april-2026\/#primaryimage","url":"https:\/\/wandern-mit-uwe.de\/blog\/wp-content\/uploads\/2026\/05\/wetter-algarve-april-2026-00-IMG_114403.webp","contentUrl":"https:\/\/wandern-mit-uwe.de\/blog\/wp-content\/uploads\/2026\/05\/wetter-algarve-april-2026-00-IMG_114403.webp","width":640,"height":360,"caption":"wetter-algarve-april-2026-00"},{"@type":"BreadcrumbList","@id":"https:\/\/wandern-mit-uwe.de\/blog\/wetter-algarve-april-2026\/#breadcrumb","itemListElement":[{"@type":"ListItem","position":1,"name":"Wetter","item":"https:\/\/wandern-mit-uwe.de\/blog\/category\/wetter\/"},{"@type":"ListItem","position":2,"name":"Wetter Algarve April 2026"}]},{"@type":"WebSite","@id":"https:\/\/wandern-mit-uwe.de\/blog\/#website","url":"https:\/\/wandern-mit-uwe.de\/blog\/","name":"Algarve Blog","description":"Wandern, Sehensw\u00fcrdigkeiten, Str\u00e4nde, Wetter, Geschichte und Geschichten zur Algarve","publisher":{"@id":"https:\/\/wandern-mit-uwe.de\/blog\/#organization"},"potentialAction":[{"@type":"SearchAction","target":{"@type":"EntryPoint","urlTemplate":"https:\/\/wandern-mit-uwe.de\/blog\/?s={search_term_string}"},"query-input":{"@type":"PropertyValueSpecification","valueRequired":true,"valueName":"search_term_string"}}],"inLanguage":"de"},{"@type":"Organization","@id":"https:\/\/wandern-mit-uwe.de\/blog\/#organization","name":"Wandern mit Uwe","url":"https:\/\/wandern-mit-uwe.de\/blog\/","logo":{"@type":"ImageObject","inLanguage":"de","@id":"https:\/\/wandern-mit-uwe.de\/blog\/#\/schema\/logo\/image\/","url":"https:\/\/wandern-mit-uwe.de\/blog\/wp-content\/uploads\/2019\/08\/4Gecko.png","contentUrl":"https:\/\/wandern-mit-uwe.de\/blog\/wp-content\/uploads\/2019\/08\/4Gecko.png","width":75,"height":75,"caption":"Wandern mit Uwe"},"image":{"@id":"https:\/\/wandern-mit-uwe.de\/blog\/#\/schema\/logo\/image\/"},"sameAs":["https:\/\/de-de.facebook.com\/pages\/category\/Local-Service\/Wandern-mit-Uwe-114034465327901\/","https:\/\/x.com\/uweportugal","https:\/\/pt.linkedin.com\/in\/uwe-schemionek-88560779?trk=author_mini-profile_title","https:\/\/www.pinterest.de\/uschemionek\/","https:\/\/www.youtube.com\/channel\/UCAH1t267D6VU2cS-NQ0rCHA","https:\/\/www.youtube.com\/@UweSchemionek\/videos"]},{"@type":"Person","@id":"https:\/\/wandern-mit-uwe.de\/blog\/#\/schema\/person\/f3ddbed34e549971c7d7d71a374be1f0","name":"Uwe","sameAs":["https:\/\/wandern-mit-uwe.de"]}]}},"_links":{"self":[{"href":"https:\/\/wandern-mit-uwe.de\/blog\/wp-json\/wp\/v2\/posts\/7595","targetHints":{"allow":["GET"]}}],"collection":[{"href":"https:\/\/wandern-mit-uwe.de\/blog\/wp-json\/wp\/v2\/posts"}],"about":[{"href":"https:\/\/wandern-mit-uwe.de\/blog\/wp-json\/wp\/v2\/types\/post"}],"author":[{"embeddable":true,"href":"https:\/\/wandern-mit-uwe.de\/blog\/wp-json\/wp\/v2\/users\/2"}],"replies":[{"embeddable":true,"href":"https:\/\/wandern-mit-uwe.de\/blog\/wp-json\/wp\/v2\/comments?post=7595"}],"version-history":[{"count":7,"href":"https:\/\/wandern-mit-uwe.de\/blog\/wp-json\/wp\/v2\/posts\/7595\/revisions"}],"predecessor-version":[{"id":7602,"href":"https:\/\/wandern-mit-uwe.de\/blog\/wp-json\/wp\/v2\/posts\/7595\/revisions\/7602"}],"wp:featuredmedia":[{"embeddable":true,"href":"https:\/\/wandern-mit-uwe.de\/blog\/wp-json\/wp\/v2\/media\/7589"}],"wp:attachment":[{"href":"https:\/\/wandern-mit-uwe.de\/blog\/wp-json\/wp\/v2\/media?parent=7595"}],"wp:term":[{"taxonomy":"category","embeddable":true,"href":"https:\/\/wandern-mit-uwe.de\/blog\/wp-json\/wp\/v2\/categories?post=7595"},{"taxonomy":"post_tag","embeddable":true,"href":"https:\/\/wandern-mit-uwe.de\/blog\/wp-json\/wp\/v2\/tags?post=7595"}],"curies":[{"name":"wp","href":"https:\/\/api.w.org\/{rel}","templated":true}]}}